{"id":2019,"date":"2021-12-06T18:16:32","date_gmt":"2021-12-06T17:16:32","guid":{"rendered":"https:\/\/www.pacellico.com\/pacellico-semiconductor-novy-normal\/"},"modified":"2025-03-16T18:42:53","modified_gmt":"2025-03-16T17:42:53","slug":"pacellico-semiconductor-novy-normal","status":"publish","type":"post","link":"https:\/\/www.pacellico.com\/cs\/pacellico-semiconductor-novy-normal\/","title":{"rendered":"Pacellico Semiconductor &#8222;nov\u00fd norm\u00e1l&#8220;"},"content":{"rendered":"<p>Za\u010d\u00e1tkem tohoto roku se spole\u010dnost Pacellico pod\u011blila o sv\u016fj <strong>p\u016fvodn\u00ed sn\u00edmek &#8222;nov\u00e9ho norm\u00e1lu&#8220; v oblasti polovodi\u010d\u016f<\/strong>, kter\u00fd byl poprv\u00e9 vytvo\u0159en v roce 2017. Po \u0161esti m\u011bs\u00edc\u00edch popt\u00e1vka po polotovarech nad\u00e1le posiluje. <\/p>\n<p>Plat\u00ed st\u00e1le na\u0161e rozta\u017een\u00e1 sinusoida?<\/p>\n<p>Ur\u010dit\u011b, a to s t\u00edm, \u017ee IOT, 5G, elektromobily a um\u011bl\u00e1 inteligence budou nab\u00edrat na s\u00edle. Krom\u011b toho d\u016fraz na odolnost dodavatelsk\u00e9ho \u0159et\u011bzce v d\u016fsledku COVID, glob\u00e1ln\u00ed obchodn\u00ed disharmonie a technologick\u00e9 suverenity vede k velk\u00fdm investic\u00edm v USA s Intel Corporation, Samsung Electronics a TSMC a v Evrop\u011b prost\u0159ednictv\u00edm \u010detn\u00fdch iniciativ Evropsk\u00e9 komise a na n\u00e1rodn\u00ed \u00farovni. <\/p>\n<p>&nbsp;<\/p>\n<p><img decoding=\"async\" class=\"lazyload size-large wp-image-509 aligncenter\" src=\"https:\/\/www.pacellico.com\/wp-content\/uploads\/2021\/11\/pacellico_new_normal-1024x530.png\" data-orig-src=\"https:\/\/www.pacellico.com\/wp-content\/uploads\/2021\/11\/pacellico_new_normal-1024x530.png\" alt=\"\" width=\"1024\" height=\"530\" srcset=\"data:image\/svg+xml,%3Csvg%20xmlns%3D%27http%3A%2F%2Fwww.w3.org%2F2000%2Fsvg%27%20width%3D%271024%27%20height%3D%27530%27%20viewBox%3D%270%200%201024%20530%27%3E%3Crect%20width%3D%271024%27%20height%3D%27530%27%20fill-opacity%3D%220%22%2F%3E%3C%2Fsvg%3E\" data-srcset=\"https:\/\/www.pacellico.com\/wp-content\/uploads\/2021\/11\/pacellico_new_normal-200x104.png 200w, https:\/\/www.pacellico.com\/wp-content\/uploads\/2021\/11\/pacellico_new_normal-300x155.png 300w, https:\/\/www.pacellico.com\/wp-content\/uploads\/2021\/11\/pacellico_new_normal-400x207.png 400w, https:\/\/www.pacellico.com\/wp-content\/uploads\/2021\/11\/pacellico_new_normal-600x311.png 600w, https:\/\/www.pacellico.com\/wp-content\/uploads\/2021\/11\/pacellico_new_normal-768x398.png 768w, https:\/\/www.pacellico.com\/wp-content\/uploads\/2021\/11\/pacellico_new_normal-800x414.png 800w, https:\/\/www.pacellico.com\/wp-content\/uploads\/2021\/11\/pacellico_new_normal-1024x530.png 1024w, https:\/\/www.pacellico.com\/wp-content\/uploads\/2021\/11\/pacellico_new_normal-1200x621.png 1200w, https:\/\/www.pacellico.com\/wp-content\/uploads\/2021\/11\/pacellico_new_normal-1536x795.png 1536w\" data-sizes=\"auto\" data-orig-sizes=\"(max-width: 1024px) 100vw, 1024px\" \/><\/p>\n<p>&nbsp;<\/p>\n<p>Jak bude sinusoida vypadat za t\u0159i roky?<\/p>\n<p>Jak\u00fdmi opat\u0159en\u00edmi reagujete na tyto genera\u010dn\u00ed a struktur\u00e1ln\u00ed zm\u011bny v dodavatelsk\u00e9m \u0159et\u011bzci polovodi\u010d\u016f?<\/p>\n<p>&nbsp;<\/p>\n","protected":false},"excerpt":{"rendered":"<p>Za\u010d\u00e1tkem tohoto roku se spole\u010dnost Pacellico pod\u011blila o sv\u016fj p\u016fvodn\u00ed sn\u00edmek &#8222;nov\u00e9ho norm\u00e1lu&#8220; v oblasti polovodi\u010d\u016f, kter\u00fd byl poprv\u00e9 vytvo\u0159en v roce 2017. Po \u0161esti m\u011bs\u00edc\u00edch popt\u00e1vka po polotovarech  [&#8230;]<\/p>\n","protected":false},"author":1,"featured_media":1686,"comment_status":"open","ping_status":"open","sticky":false,"template":"","format":"standard","meta":{"_acf_changed":false,"footnotes":""},"categories":[17],"tags":[],"class_list":["post-2019","post","type-post","status-publish","format-standard","has-post-thumbnail","hentry","category-obchodni"],"acf":[],"_links":{"self":[{"href":"https:\/\/www.pacellico.com\/cs\/wp-json\/wp\/v2\/posts\/2019","targetHints":{"allow":["GET"]}}],"collection":[{"href":"https:\/\/www.pacellico.com\/cs\/wp-json\/wp\/v2\/posts"}],"about":[{"href":"https:\/\/www.pacellico.com\/cs\/wp-json\/wp\/v2\/types\/post"}],"author":[{"embeddable":true,"href":"https:\/\/www.pacellico.com\/cs\/wp-json\/wp\/v2\/users\/1"}],"replies":[{"embeddable":true,"href":"https:\/\/www.pacellico.com\/cs\/wp-json\/wp\/v2\/comments?post=2019"}],"version-history":[{"count":1,"href":"https:\/\/www.pacellico.com\/cs\/wp-json\/wp\/v2\/posts\/2019\/revisions"}],"predecessor-version":[{"id":2024,"href":"https:\/\/www.pacellico.com\/cs\/wp-json\/wp\/v2\/posts\/2019\/revisions\/2024"}],"wp:featuredmedia":[{"embeddable":true,"href":"https:\/\/www.pacellico.com\/cs\/wp-json\/wp\/v2\/media\/1686"}],"wp:attachment":[{"href":"https:\/\/www.pacellico.com\/cs\/wp-json\/wp\/v2\/media?parent=2019"}],"wp:term":[{"taxonomy":"category","embeddable":true,"href":"https:\/\/www.pacellico.com\/cs\/wp-json\/wp\/v2\/categories?post=2019"},{"taxonomy":"post_tag","embeddable":true,"href":"https:\/\/www.pacellico.com\/cs\/wp-json\/wp\/v2\/tags?post=2019"}],"curies":[{"name":"wp","href":"https:\/\/api.w.org\/{rel}","templated":true}]}}