{"id":2031,"date":"2021-12-10T21:18:54","date_gmt":"2021-12-10T20:18:54","guid":{"rendered":"https:\/\/www.pacellico.com\/soucasne-priority-vykonne-moci-v-usa\/"},"modified":"2025-03-16T18:42:55","modified_gmt":"2025-03-16T17:42:55","slug":"soucasne-priority-vykonne-moci-v-usa","status":"publish","type":"post","link":"https:\/\/www.pacellico.com\/cs\/soucasne-priority-vykonne-moci-v-usa\/","title":{"rendered":"Sou\u010dasn\u00e9 priority v\u00fdkonn\u00e9 moci v USA"},"content":{"rendered":"<p>Spole\u010dnost Pacellico ned\u00e1vno uspo\u0159\u00e1dala diskusi s Ronem Tarterem a na\u0161\u00edm t\u00fdmem Pacellico US, jej\u00edm\u017e c\u00edlem bylo porozum\u011bt sou\u010dasn\u00fdm priorit\u00e1m veden\u00ed v USA. Bez ohledu na iniciativy v oblasti ESG, digitalizace a nulov\u00fdch emis\u00ed uhl\u00edku se v\u0161echny nal\u00e9hav\u00e9 ot\u00e1zky zam\u011b\u0159uj\u00ed na dodavatelsk\u00fd \u0159et\u011bzec, zejm\u00e9na na jeho odolnost, \u0159\u00edzen\u00ed a p\u016fvod. Pod\u00edvejte se na post\u0159ehy t\u00fdm\u016f.  <\/p>\n<p>&nbsp;<\/p>\n<p><img decoding=\"async\" class=\"lazyload size-full wp-image-531 aligncenter\" src=\"https:\/\/www.pacellico.com\/wp-content\/uploads\/2021\/12\/1634284509145.jpeg\" data-orig-src=\"https:\/\/www.pacellico.com\/wp-content\/uploads\/2021\/12\/1634284509145.jpeg\" alt=\"\" width=\"1200\" height=\"627\" srcset=\"data:image\/svg+xml,%3Csvg%20xmlns%3D%27http%3A%2F%2Fwww.w3.org%2F2000%2Fsvg%27%20width%3D%271200%27%20height%3D%27627%27%20viewBox%3D%270%200%201200%20627%27%3E%3Crect%20width%3D%271200%27%20height%3D%27627%27%20fill-opacity%3D%220%22%2F%3E%3C%2Fsvg%3E\" data-srcset=\"https:\/\/www.pacellico.com\/wp-content\/uploads\/2021\/12\/1634284509145-200x105.jpeg 200w, https:\/\/www.pacellico.com\/wp-content\/uploads\/2021\/12\/1634284509145-300x157.jpeg 300w, https:\/\/www.pacellico.com\/wp-content\/uploads\/2021\/12\/1634284509145-400x209.jpeg 400w, https:\/\/www.pacellico.com\/wp-content\/uploads\/2021\/12\/1634284509145-600x314.jpeg 600w, https:\/\/www.pacellico.com\/wp-content\/uploads\/2021\/12\/1634284509145-768x401.jpeg 768w, https:\/\/www.pacellico.com\/wp-content\/uploads\/2021\/12\/1634284509145-800x418.jpeg 800w, https:\/\/www.pacellico.com\/wp-content\/uploads\/2021\/12\/1634284509145-1024x535.jpeg 1024w, https:\/\/www.pacellico.com\/wp-content\/uploads\/2021\/12\/1634284509145.jpeg 1200w\" data-sizes=\"auto\" data-orig-sizes=\"(max-width: 1200px) 100vw, 1200px\" \/><\/p>\n","protected":false},"excerpt":{"rendered":"<p>Spole\u010dnost Pacellico ned\u00e1vno uspo\u0159\u00e1dala diskusi s Ronem Tarterem a na\u0161\u00edm t\u00fdmem Pacellico US, jej\u00edm\u017e c\u00edlem bylo porozum\u011bt sou\u010dasn\u00fdm priorit\u00e1m veden\u00ed v USA. Bez ohledu na iniciativy v oblasti ESG,  [&#8230;]<\/p>\n","protected":false},"author":1,"featured_media":1691,"comment_status":"open","ping_status":"open","sticky":false,"template":"","format":"standard","meta":{"_acf_changed":false,"footnotes":""},"categories":[17],"tags":[],"class_list":["post-2031","post","type-post","status-publish","format-standard","has-post-thumbnail","hentry","category-obchodni"],"acf":[],"_links":{"self":[{"href":"https:\/\/www.pacellico.com\/cs\/wp-json\/wp\/v2\/posts\/2031","targetHints":{"allow":["GET"]}}],"collection":[{"href":"https:\/\/www.pacellico.com\/cs\/wp-json\/wp\/v2\/posts"}],"about":[{"href":"https:\/\/www.pacellico.com\/cs\/wp-json\/wp\/v2\/types\/post"}],"author":[{"embeddable":true,"href":"https:\/\/www.pacellico.com\/cs\/wp-json\/wp\/v2\/users\/1"}],"replies":[{"embeddable":true,"href":"https:\/\/www.pacellico.com\/cs\/wp-json\/wp\/v2\/comments?post=2031"}],"version-history":[{"count":1,"href":"https:\/\/www.pacellico.com\/cs\/wp-json\/wp\/v2\/posts\/2031\/revisions"}],"predecessor-version":[{"id":2033,"href":"https:\/\/www.pacellico.com\/cs\/wp-json\/wp\/v2\/posts\/2031\/revisions\/2033"}],"wp:featuredmedia":[{"embeddable":true,"href":"https:\/\/www.pacellico.com\/cs\/wp-json\/wp\/v2\/media\/1691"}],"wp:attachment":[{"href":"https:\/\/www.pacellico.com\/cs\/wp-json\/wp\/v2\/media?parent=2031"}],"wp:term":[{"taxonomy":"category","embeddable":true,"href":"https:\/\/www.pacellico.com\/cs\/wp-json\/wp\/v2\/categories?post=2031"},{"taxonomy":"post_tag","embeddable":true,"href":"https:\/\/www.pacellico.com\/cs\/wp-json\/wp\/v2\/tags?post=2031"}],"curies":[{"name":"wp","href":"https:\/\/api.w.org\/{rel}","templated":true}]}}