{"id":2289,"date":"2024-01-12T15:42:18","date_gmt":"2024-01-12T14:42:18","guid":{"rendered":"https:\/\/www.pacellico.com\/synergie-mezi-vedenim-a-rizenim-pro-rust-podniku\/"},"modified":"2025-04-29T10:33:28","modified_gmt":"2025-04-29T08:33:28","slug":"synergie-mezi-vedenim-a-rizenim-pro-rust-podniku","status":"publish","type":"post","link":"https:\/\/www.pacellico.com\/cs\/synergie-mezi-vedenim-a-rizenim-pro-rust-podniku\/","title":{"rendered":"Synergie mezi veden\u00edm a \u0159\u00edzen\u00edm pro r\u016fst podniku"},"content":{"rendered":"<p><div class=\"fusion-fullwidth fullwidth-box fusion-builder-row-1 fusion-flex-container has-pattern-background has-mask-background nonhundred-percent-fullwidth non-hundred-percent-height-scrolling\" style=\"--awb-border-radius-top-left:0px;--awb-border-radius-top-right:0px;--awb-border-radius-bottom-right:0px;--awb-border-radius-bottom-left:0px;--awb-flex-wrap:wrap;\" ><div class=\"fusion-builder-row fusion-row fusion-flex-align-items-flex-start fusion-flex-content-wrap\" style=\"max-width:1352px;margin-left: calc(-4% \/ 2 );margin-right: calc(-4% \/ 2 );\"><div class=\"fusion-layout-column fusion_builder_column fusion-builder-column-0 fusion_builder_column_1_1 1_1 fusion-flex-column\" style=\"--awb-bg-size:cover;--awb-width-large:100%;--awb-margin-top-large:0px;--awb-spacing-right-large:1.92%;--awb-margin-bottom-large:5%;--awb-spacing-left-large:1.92%;--awb-width-medium:100%;--awb-order-medium:0;--awb-spacing-right-medium:1.92%;--awb-spacing-left-medium:1.92%;--awb-width-small:100%;--awb-order-small:0;--awb-spacing-right-small:1.92%;--awb-spacing-left-small:1.92%;\" data-scroll-devices=\"small-visibility,medium-visibility,large-visibility\"><div class=\"fusion-column-wrapper fusion-column-has-shadow fusion-flex-justify-content-flex-start fusion-content-layout-column\"><div class=\"fusion-image-element \" style=\"--awb-caption-title-font-family:var(--h2_typography-font-family);--awb-caption-title-font-weight:var(--h2_typography-font-weight);--awb-caption-title-font-style:var(--h2_typography-font-style);--awb-caption-title-size:var(--h2_typography-font-size);--awb-caption-title-transform:var(--h2_typography-text-transform);--awb-caption-title-line-height:var(--h2_typography-line-height);--awb-caption-title-letter-spacing:var(--h2_typography-letter-spacing);\"><span class=\" fusion-imageframe imageframe-none imageframe-1 hover-type-none\"><img decoding=\"async\" width=\"1920\" height=\"454\" title=\"synergy_business_leadership_blog_pacellico\" src=\"https:\/\/www.pacellico.com\/wp-content\/uploads\/2024\/01\/synergy_business_leadership_blog_pacellico.png\" data-orig-src=\"https:\/\/www.pacellico.com\/wp-content\/uploads\/2024\/01\/synergy_business_leadership_blog_pacellico.png\" alt class=\"lazyload img-responsive wp-image-1811\" srcset=\"data:image\/svg+xml,%3Csvg%20xmlns%3D%27http%3A%2F%2Fwww.w3.org%2F2000%2Fsvg%27%20width%3D%271920%27%20height%3D%27454%27%20viewBox%3D%270%200%201920%20454%27%3E%3Crect%20width%3D%271920%27%20height%3D%27454%27%20fill-opacity%3D%220%22%2F%3E%3C%2Fsvg%3E\" data-srcset=\"https:\/\/www.pacellico.com\/wp-content\/uploads\/2024\/01\/synergy_business_leadership_blog_pacellico-200x47.png 200w, https:\/\/www.pacellico.com\/wp-content\/uploads\/2024\/01\/synergy_business_leadership_blog_pacellico-400x95.png 400w, https:\/\/www.pacellico.com\/wp-content\/uploads\/2024\/01\/synergy_business_leadership_blog_pacellico-600x142.png 600w, https:\/\/www.pacellico.com\/wp-content\/uploads\/2024\/01\/synergy_business_leadership_blog_pacellico-800x189.png 800w, https:\/\/www.pacellico.com\/wp-content\/uploads\/2024\/01\/synergy_business_leadership_blog_pacellico-1200x284.png 1200w, https:\/\/www.pacellico.com\/wp-content\/uploads\/2024\/01\/synergy_business_leadership_blog_pacellico.png 1920w\" data-sizes=\"auto\" data-orig-sizes=\"(max-width: 640px) 100vw, 1920px\" \/><\/span><\/div><\/div><\/div><\/div><\/div><div class=\"fusion-fullwidth fullwidth-box fusion-builder-row-2 fusion-flex-container nonhundred-percent-fullwidth non-hundred-percent-height-scrolling fusion-animated\" style=\"--awb-border-radius-top-left:0px;--awb-border-radius-top-right:0px;--awb-border-radius-bottom-right:0px;--awb-border-radius-bottom-left:0px;--awb-flex-wrap:wrap;\" data-animationType=\"fadeInUp\" data-animationDuration=\"2.0\" data-animationOffset=\"top-into-view\" ><div class=\"fusion-builder-row fusion-row fusion-flex-align-items-flex-start fusion-flex-content-wrap\" style=\"max-width:1352px;margin-left: calc(-4% \/ 2 );margin-right: calc(-4% \/ 2 );\"><div class=\"fusion-layout-column fusion_builder_column fusion-builder-column-1 fusion_builder_column_1_6 1_6 fusion-flex-column\" style=\"--awb-bg-size:cover;--awb-width-large:16.6666666667%;--awb-margin-top-large:0px;--awb-spacing-right-large:11.52%;--awb-margin-bottom-large:20px;--awb-spacing-left-large:11.52%;--awb-width-medium:16.6666666667%;--awb-order-medium:0;--awb-spacing-right-medium:11.52%;--awb-spacing-left-medium:11.52%;--awb-width-small:100%;--awb-order-small:0;--awb-spacing-right-small:1.92%;--awb-spacing-left-small:1.92%;\"><div class=\"fusion-column-wrapper fusion-column-has-shadow fusion-flex-justify-content-flex-start fusion-content-layout-column\"><div class=\"fusion-image-element \" style=\"text-align:right;--awb-max-width:100px;--awb-caption-title-font-family:var(--h2_typography-font-family);--awb-caption-title-font-weight:var(--h2_typography-font-weight);--awb-caption-title-font-style:var(--h2_typography-font-style);--awb-caption-title-size:var(--h2_typography-font-size);--awb-caption-title-transform:var(--h2_typography-text-transform);--awb-caption-title-line-height:var(--h2_typography-line-height);--awb-caption-title-letter-spacing:var(--h2_typography-letter-spacing);\"><span class=\" fusion-imageframe imageframe-none imageframe-2 hover-type-none\"><img decoding=\"async\" width=\"300\" height=\"400\" title=\"Eduard Lopez\" src=\"https:\/\/www.pacellico.com\/wp-content\/uploads\/2023\/07\/Eduard-Lopez.jpg\" data-orig-src=\"https:\/\/www.pacellico.com\/wp-content\/uploads\/2023\/07\/Eduard-Lopez.jpg\" alt class=\"lazyload img-responsive wp-image-1751\" srcset=\"data:image\/svg+xml,%3Csvg%20xmlns%3D%27http%3A%2F%2Fwww.w3.org%2F2000%2Fsvg%27%20width%3D%27300%27%20height%3D%27400%27%20viewBox%3D%270%200%20300%20400%27%3E%3Crect%20width%3D%27300%27%20height%3D%27400%27%20fill-opacity%3D%220%22%2F%3E%3C%2Fsvg%3E\" data-srcset=\"https:\/\/www.pacellico.com\/wp-content\/uploads\/2023\/07\/Eduard-Lopez-200x267.jpg 200w, https:\/\/www.pacellico.com\/wp-content\/uploads\/2023\/07\/Eduard-Lopez.jpg 300w\" data-sizes=\"auto\" data-orig-sizes=\"(max-width: 640px) 100vw, 200px\" \/><\/span><\/div><\/div><\/div><div class=\"fusion-layout-column fusion_builder_column fusion-builder-column-2 fusion_builder_column_3_5 3_5 fusion-flex-column\" style=\"--awb-bg-size:cover;--awb-width-large:60%;--awb-margin-top-large:0px;--awb-spacing-right-large:3.2%;--awb-margin-bottom-large:20px;--awb-spacing-left-large:3.2%;--awb-width-medium:60%;--awb-order-medium:0;--awb-spacing-right-medium:3.2%;--awb-spacing-left-medium:3.2%;--awb-width-small:100%;--awb-order-small:0;--awb-spacing-right-small:1.92%;--awb-spacing-left-small:1.92%;\"><div class=\"fusion-column-wrapper fusion-column-has-shadow fusion-flex-justify-content-flex-start fusion-content-layout-column\"><div class=\"fusion-text fusion-text-1\" style=\"--awb-text-transform:none;\"><p>AUTOR <strong>Eduard Lopez<\/strong><\/p>\n<\/div><div class=\"fusion-text fusion-text-2\" style=\"--awb-font-size:12px;--awb-text-transform:none;\"><p><span class=\"NormalTextRun SCXW97728004 BCX4\">Eduard<\/span> <span class=\"NormalTextRun SCXW97728004 BCX4\">je<\/span> <span class=\"NormalTextRun SCXW97728004 BCX4\">.<\/span> <span class=\"NormalTextRun SCXW97728004 BCX4\">zku\u0161en\u00fd<\/span><span class=\"NormalTextRun SCXW97728004 BCX4\">  operace  <\/span><span class=\"NormalTextRun SCXW97728004 BCX4\">\u0159editel<\/span><span class=\"NormalTextRun SCXW97728004 BCX4\">a vedouc\u00ed postaven\u00ed  <\/span><span class=\"NormalTextRun SCXW97728004 BCX4\">tren\u00e9r<\/span><span class=\"NormalTextRun SCXW97728004 BCX4\">.  <\/span><span class=\"NormalTextRun SCXW97728004 BCX4\">M\u00e1  <\/span><span class=\"NormalTextRun SCXW97728004 BCX4\">.<\/span> <span class=\"NormalTextRun SCXW97728004 BCX4\">spr\u00e1va<\/span><span class=\"NormalTextRun SCXW97728004 BCX4\">  operace  <\/span><span class=\"NormalTextRun SCXW97728004 BCX4\">pro<\/span> <span class=\"NormalTextRun SCXW97728004 BCX4\">Glob\u00e1ln\u00ed<\/span> <span class=\"NormalTextRun SCXW97728004 BCX4\">pr\u016fmysl<\/span><span class=\"NormalTextRun SCXW97728004 BCX4\">-vedouc\u00ed  <\/span><span class=\"NormalTextRun SCXW97728004 BCX4\">Z\u00e1kazn\u00edci<\/span><span class=\"NormalTextRun SCXW97728004 BCX4\">  jako jsou IBM, Siemens, General Electric, Ericsson a dal\u0161\u00ed.  <\/span><span class=\"NormalTextRun SCXW97728004 BCX4\">nebo<\/span><span class=\"NormalTextRun SCXW97728004 BCX4\">  Bosch a  <\/span><span class=\"NormalTextRun SCXW97728004 BCX4\">vedouc\u00ed<\/span> <span class=\"NormalTextRun SCXW97728004 BCX4\">multikulturn\u00ed<\/span> <span class=\"NormalTextRun SCXW97728004 BCX4\">t\u00fdmy<\/span><span class=\"NormalTextRun SCXW97728004 BCX4\">  na adrese  <\/span><span class=\"NormalTextRun SCXW97728004 BCX4\">t\u0159i<\/span> <span class=\"NormalTextRun SCXW97728004 BCX4\">r\u016fzn\u00e9<\/span> <span class=\"NormalTextRun SCXW97728004 BCX4\">zem\u011b<\/span><span class=\"NormalTextRun SCXW97728004 BCX4\">  (<\/span><span class=\"NormalTextRun SCXW97728004 BCX4\">\u0160pan\u011blsko<\/span><span class=\"NormalTextRun SCXW97728004 BCX4\">, \u010desky  <\/span><span class=\"NormalTextRun SCXW97728004 BCX4\">Republika<\/span><span class=\"NormalTextRun SCXW97728004 BCX4\">  a  <\/span><span class=\"NormalTextRun SCXW97728004 BCX4\">Rumunsko<\/span><span class=\"NormalTextRun ContextualSpellingAndGrammarErrorV2Themed SCXW97728004 BCX4\">).<\/span><span class=\"NormalTextRun ContextualSpellingAndGrammarErrorV2Themed SCXW97728004 BCX4\">Jeho<\/span> <span class=\"NormalTextRun SCXW97728004 BCX4\">vzd\u011bl\u00e1vac\u00ed<\/span><span class=\"NormalTextRun SCXW97728004 BCX4\">  pozad\u00ed  <\/span><span class=\"NormalTextRun SCXW97728004 BCX4\">je<\/span><span class=\"NormalTextRun SCXW97728004 BCX4\">  v oblasti stroj\u00edrenstv\u00ed  <\/span><span class=\"NormalTextRun SCXW97728004 BCX4\">s<\/span> <span class=\"NormalTextRun SCXW97728004 BCX4\">.<\/span> <span class=\"NormalTextRun SCXW97728004 BCX4\">MSc<\/span><span class=\"NormalTextRun SCXW97728004 BCX4\">  na adrese  <\/span><span class=\"NormalTextRun SCXW97728004 BCX4\">Pr\u016fmyslov\u00e9<\/span> <span class=\"NormalTextRun SCXW97728004 BCX4\">Organizace<\/span><span class=\"NormalTextRun SCXW97728004 BCX4\">  a  <\/span><span class=\"NormalTextRun ContextualSpellingAndGrammarErrorV2Themed SCXW97728004 BCX4\">Masters<\/span><span class=\"NormalTextRun ContextualSpellingAndGrammarErrorV2Themed SCXW97728004 BCX4\">  na adrese  <\/span><span class=\"NormalTextRun ContextualSpellingAndGrammarErrorV2Themed SCXW97728004 BCX4\">\u00da\u010detnictv\u00ed<\/span><span class=\"NormalTextRun ContextualSpellingAndGrammarErrorV2Themed SCXW97728004 BCX4\">  a finance<\/span><span class=\"NormalTextRun SCXW97728004 BCX4\">. Eduard   <\/span><span class=\"NormalTextRun SCXW97728004 BCX4\">je<\/span><span class=\"NormalTextRun SCXW97728004 BCX4\"> a <\/span><span class=\"NormalTextRun SCXW97728004 BCX4\">certifikovan\u00fd<\/span> <span class=\"NormalTextRun SCXW97728004 BCX4\">\u0161est<\/span><span class=\"NormalTextRun SCXW97728004 BCX4\">-sigma green <\/span><span class=\"NormalTextRun SCXW97728004 BCX4\">belt<\/span><span class=\"NormalTextRun SCXW97728004 BCX4\">  a LEAN Management Professional. Je .   <\/span><span class=\"NormalTextRun SCXW97728004 BCX4\">je<\/span> <span class=\"NormalTextRun SCXW97728004 BCX4\">tak\u00e9<\/span> <span class=\"NormalTextRun SCXW97728004 BCX4\">.<\/span> <span class=\"NormalTextRun SCXW97728004 BCX4\">akreditovan\u00fd<\/span> <span class=\"NormalTextRun SCXW97728004 BCX4\">kou\u010d<\/span><span class=\"NormalTextRun SCXW97728004 BCX4\"> podle <\/span><span class=\"NormalTextRun SCXW97728004 BCX4\">.<\/span><span class=\"NormalTextRun SCXW97728004 BCX4\"> Mezin\u00e1rodn\u00edm kou\u010dem <\/span><span class=\"NormalTextRun SCXW97728004 BCX4\">Federation<\/span><span class=\"NormalTextRun SCXW97728004 BCX4\">.<\/span><\/p>\n<\/div><\/div><\/div><\/div><\/div>\n<div class=\"fusion-fullwidth fullwidth-box fusion-builder-row-3 fusion-flex-container has-pattern-background has-mask-background nonhundred-percent-fullwidth non-hundred-percent-height-scrolling\" style=\"--awb-border-radius-top-left:0px;--awb-border-radius-top-right:0px;--awb-border-radius-bottom-right:0px;--awb-border-radius-bottom-left:0px;--awb-padding-right:10%;--awb-padding-left:10%;--awb-flex-wrap:wrap;\" ><div class=\"fusion-builder-row fusion-row fusion-flex-align-items-flex-start fusion-flex-content-wrap\" style=\"max-width:1352px;margin-left: calc(-4% \/ 2 );margin-right: calc(-4% \/ 2 );\"><div class=\"fusion-layout-column fusion_builder_column fusion-builder-column-3 fusion_builder_column_1_1 1_1 fusion-flex-column\" style=\"--awb-bg-size:cover;--awb-width-large:100%;--awb-margin-top-large:5%;--awb-spacing-right-large:1.92%;--awb-margin-bottom-large:20px;--awb-spacing-left-large:1.92%;--awb-width-medium:100%;--awb-order-medium:0;--awb-spacing-right-medium:1.92%;--awb-spacing-left-medium:1.92%;--awb-width-small:100%;--awb-order-small:0;--awb-spacing-right-small:1.92%;--awb-spacing-left-small:1.92%;\" data-scroll-devices=\"small-visibility,medium-visibility,large-visibility\"><div class=\"fusion-column-wrapper fusion-column-has-shadow fusion-flex-justify-content-flex-start fusion-content-layout-column\"><div class=\"fusion-text fusion-text-3\"><p><strong>  V dne\u0161n\u00edm rychle se m\u011bn\u00edc\u00edm podnikatelsk\u00e9m prost\u0159ed\u00ed mus\u00ed b\u00fdt organizace agiln\u00ed, inovativn\u00ed a orientovan\u00e9 na r\u016fst, aby p\u0159e\u017eily a prosperovaly. Pouh\u00e9 spol\u00e9h\u00e1n\u00ed na silnou technickou konkuren\u010dn\u00ed v\u00fdhodu nen\u00ed z\u00e1rukou udr\u017eiteln\u00e9ho \u00fasp\u011bchu. <\/strong><\/p>\n<p>A tyto vlastnosti vych\u00e1zej\u00ed ze siln\u00fdch schopnost\u00ed veden\u00ed a \u0159\u00edzen\u00ed, kter\u00e9 umo\u017e\u0148uj\u00ed zvl\u00e1dat v\u00fdzvy, vyu\u017e\u00edvat p\u0159\u00edle\u017eitosti a podporovat udr\u017eiteln\u00fd r\u016fst.<br \/>\nA\u010dkoli jsou veden\u00ed a \u0159\u00edzen\u00ed \u010dasto pova\u017eov\u00e1ny za odd\u011blen\u00e9 entity, jedn\u00e1 se o dv\u011b strany jedn\u00e9 mince a jejich sou\u010dinnost je pro dosa\u017een\u00ed obchodn\u00edch c\u00edl\u016f nezbytn\u00e1. Efektivn\u00ed l\u00edd\u0159i mus\u00ed b\u00fdt z\u00e1rove\u0148 kvalifikovan\u00fdmi mana\u017eery a efektivn\u00ed mana\u017ee\u0159i mus\u00ed rovn\u011b\u017e vykazovat v\u016fd\u010d\u00ed vlastnosti. Kdy\u017e veden\u00ed a \u0159\u00edzen\u00ed spoj\u00ed sv\u00e9 vz\u00e1jemn\u011b se dopl\u0148uj\u00edc\u00ed siln\u00e9 str\u00e1nky, v\u00fdsledkem je v\u00fdkonn\u00fd motor organiza\u010dn\u00edho \u00fasp\u011bchu.  <\/p>\n<p>V tomto \u010dl\u00e1nku se budeme zab\u00fdvat sou\u010dinnost\u00ed mezi veden\u00edm a \u0159\u00edzen\u00edm a t\u00edm, jak je organizace mohou vyu\u017e\u00edt pro obchodn\u00ed r\u016fst. Upozorn\u00edme tak\u00e9 na praktick\u00e9 kroky, kter\u00e9 mohou organizace podniknout, aby t\u00e9to synergie co nejv\u00edce vyu\u017eily, a na to, jak mohou zku\u0161en\u00ed konzultanti spole\u010dnosti Pacellico pomoci p\u0159i dosahov\u00e1n\u00ed t\u011bchto c\u00edl\u016f. <\/p>\n<h2>Komplement\u00e1rn\u00ed povaha veden\u00ed a \u0159\u00edzen\u00ed<\/h2>\n<p>Veden\u00ed a \u0159\u00edzen\u00ed maj\u00ed odli\u0161n\u00e9, ale vz\u00e1jemn\u011b se dopl\u0148uj\u00edc\u00ed \u00falohy p\u0159i dosahov\u00e1n\u00ed podnikatelsk\u00e9ho \u00fasp\u011bchu. Veden\u00ed se zam\u011b\u0159uje na celkov\u00fd obraz, poskytuje organizaci vizi, sm\u011br a inspiraci. Zahrnuje ud\u00e1v\u00e1n\u00ed t\u00f3nu firemn\u00ed kultury, podporu inovac\u00ed a kreativity a \u0159\u00edzen\u00ed iniciativ zam\u011b\u0159en\u00fdch na zm\u011bny.  <\/p>\n<p>Naproti tomu \u0159\u00edzen\u00ed je v\u00edce taktick\u00e9 a operativn\u00ed, zahrnuje ka\u017edodenn\u00ed \u0159\u00edzen\u00ed, spr\u00e1vu a optimalizaci zdroj\u016f, proces\u016f a syst\u00e9m\u016f. Zahrnuje organizaci t\u00fdm\u016f, delegov\u00e1n\u00ed \u00fakol\u016f, stanovov\u00e1n\u00ed priorit, monitorov\u00e1n\u00ed pokroku a zaji\u0161\u0165ov\u00e1n\u00ed efektivn\u00edho a \u00fa\u010dinn\u00e9ho dosahov\u00e1n\u00ed c\u00edl\u016f. <\/p>\n<p>Veden\u00ed a \u0159\u00edzen\u00ed jsou sice odli\u0161n\u00e9, ale nem\u011bly by se od sebe odd\u011blovat ani stav\u011bt proti sob\u011b. Efektivn\u00ed veden\u00ed bez efektivn\u00edho managementu bude m\u00edt za n\u00e1sledek nenapln\u011bn\u00e9 aspirace, sn\u00ed\u017eenou mor\u00e1lku a ztracen\u00e9 p\u0159\u00edle\u017eitosti. Efektivn\u00ed \u0159\u00edzen\u00ed bez efektivn\u00edho veden\u00ed bude m\u00edt za n\u00e1sledek kr\u00e1tkozrak\u00e9 zam\u011b\u0159en\u00ed, stagnaci a odpor ke zm\u011bn\u00e1m.  <\/p>\n<p>Veden\u00ed a management by naopak m\u011bly hladce spolupracovat, vz\u00e1jemn\u011b posilovat sv\u00e9 siln\u00e9 str\u00e1nky a kompenzovat sv\u00e9 slab\u00e9 str\u00e1nky. Vedouc\u00ed pracovn\u00edci mus\u00ed m\u00edt siln\u00e9 mana\u017eersk\u00e9 dovednosti, jako je komunikace, pl\u00e1nov\u00e1n\u00ed, rozhodov\u00e1n\u00ed a \u0159e\u0161en\u00ed probl\u00e9m\u016f, aby mohli svou vizi p\u0159ev\u00e9st do praxe. Mana\u017ee\u0159i mus\u00ed vykazovat v\u016fd\u010d\u00ed vlastnosti, jako je integrita, empatie, inspirace a vliv, aby mohli motivovat sv\u00e9 t\u00fdmy a sladit je s c\u00edli organizace.  <\/p>\n<h2>Vyu\u017eit\u00ed veden\u00ed a \u0159\u00edzen\u00ed pro r\u016fst podniku<\/h2>\n<p>Kdy\u017e veden\u00ed a management spoj\u00ed sv\u00e9 siln\u00e9 str\u00e1nky, vznikne v\u00fdkonn\u00fd motor r\u016fstu firmy. Synergie mezi veden\u00edm a \u0159\u00edzen\u00edm se projevuje n\u011bkolika zp\u016fsoby: <\/p>\n<ul>\n<li>Spole\u010dn\u00fd z\u00e1vazek k c\u00edl\u016fm: Efektivn\u00ed veden\u00ed a management spolupracuj\u00ed na definov\u00e1n\u00ed a slad\u011bn\u00ed organiza\u010dn\u00edch c\u00edl\u016f, strategi\u00ed a \u00fakol\u016f. Zaji\u0161\u0165uj\u00ed, aby cel\u00e1 organizace spole\u010dn\u011b a c\u00edlev\u011bdom\u011b sm\u011b\u0159ovala ke spole\u010dn\u00e9 vizi a posl\u00e1n\u00ed. Tento spole\u010dn\u00fd z\u00e1vazek vytv\u00e1\u0159\u00ed kulturu \u00fasp\u011bchu a podporuje r\u016fst.  <\/li>\n<li>Inovativn\u00ed my\u0161len\u00ed: Efektivn\u00ed veden\u00ed podporuje inovativn\u00ed my\u0161len\u00ed, kter\u00e9 podporuje experimentov\u00e1n\u00ed, riskov\u00e1n\u00ed a neust\u00e1l\u00e9 zlep\u0161ov\u00e1n\u00ed. Efektivn\u00ed veden\u00ed poskytuje strukturu, zdroje a podporu, aby se nov\u00e9 n\u00e1pady prom\u011bnily v \u010diny a v\u00fdsledky. Spole\u010dn\u011b vytv\u00e1\u0159ej\u00ed kulturu inovac\u00ed, kter\u00e1 je hnac\u00ed silou r\u016fstu.  <\/li>\n<li>Pos\u00edlen\u00e9 t\u00fdmy: Efektivn\u00ed veden\u00ed inspiruje a posiluje t\u00fdmy, aby dos\u00e1hly sv\u00fdch c\u00edl\u016f, a poskytuje jim pocit \u00fa\u010delnosti, soun\u00e1le\u017eitosti a samostatnosti. Efektivn\u00ed veden\u00ed podporuje rozvoj jednotlivc\u016f i t\u00fdm\u016f, poskytuje zp\u011btnou vazbu, kou\u010dov\u00e1n\u00ed a mentoring. Spole\u010dn\u011b vytv\u00e1\u0159ej\u00ed kulturu anga\u017eovanosti a dokonalosti, kter\u00e1 uvol\u0148uje potenci\u00e1l a podporuje r\u016fst.  <\/li>\n<li>Strategick\u00e1 agilita: Efektivn\u00ed veden\u00ed a management spolupracuj\u00ed, aby se p\u0159izp\u016fsobili zm\u011bn\u00e1m v podnikatelsk\u00e9m prost\u0159ed\u00ed, vyu\u017eili p\u0159\u00edle\u017eitost\u00ed a zm\u00edrnili rizika. P\u0159edv\u00edd\u00e1n\u00edm trend\u016f, hled\u00e1n\u00edm nov\u00fdch trh\u016f a investicemi do inovac\u00ed si udr\u017euj\u00ed n\u00e1skok. Tato strategick\u00e1 agilita vytv\u00e1\u0159\u00ed konkuren\u010dn\u00ed v\u00fdhodu a podporuje r\u016fst.  <\/li>\n<\/ul>\n<h2>Uvoln\u011bn\u00ed synergie veden\u00ed a \u0159\u00edzen\u00ed pro r\u016fst podniku<\/h2>\n<p>Aby organizace dok\u00e1zaly uvolnit synergii mezi veden\u00edm a \u0159\u00edzen\u00edm, mus\u00ed p\u0159ijmout praktick\u00e9 kroky, kter\u00e9 tyto dv\u011b kl\u00ed\u010dov\u00e9 funkce integruj\u00ed. N\u011bkter\u00e9 z t\u011bchto krok\u016f zahrnuj\u00ed: <\/p>\n<ol>\n<li>Slad\u011bn\u00ed veden\u00ed a \u0159\u00edzen\u00ed: Prvn\u00edm krokem k uvoln\u011bn\u00ed synergie mezi veden\u00edm a \u0159\u00edzen\u00edm je zajistit jejich slad\u011bn\u00ed. Vedouc\u00ed pracovn\u00edci a mana\u017ee\u0159i mus\u00ed sd\u00edlet stejnou vizi, posl\u00e1n\u00ed, hodnoty a c\u00edle a spolupracovat na jejich dosa\u017een\u00ed.<br \/>\nV\u00fdzkum Huang, X., Iun, J., Liu, A., &amp; Gong, Y. (2010) zjistil, \u017ee participativn\u00ed veden\u00ed pozitivn\u011b ovliv\u0148uje pracovn\u00ed v\u00fdkon t\u00edm, \u017ee vyvol\u00e1v\u00e1 zplnomocn\u011bn\u00ed a d\u016fv\u011bru u vedouc\u00edch i nevedouc\u00edch pod\u0159\u00edzen\u00fdch. Studie se z\u00fa\u010dastnilo 1 100 pod\u0159\u00edzen\u00fdch ze 71 organizac\u00ed.  <\/li>\n<li>Integrace veden\u00ed a \u0159\u00edzen\u00ed: Dal\u0161\u00edm krokem je integrace proces\u016f a postup\u016f veden\u00ed a \u0159\u00edzen\u00ed. Vedouc\u00ed pracovn\u00edci a mana\u017ee\u0159i mus\u00ed \u00fazce spolupracovat, aby zajistili, \u017ee iniciativy veden\u00ed budou podporov\u00e1ny syst\u00e9my \u0159\u00edzen\u00ed a naopak. <\/li>\n<li>Rozvoj v\u016fd\u010d\u00edch a mana\u017eersk\u00fdch dovednost\u00ed: Organizace mus\u00ed tak\u00e9 investovat do program\u016f rozvoje leadershipu a managementu, kter\u00e9 buduj\u00ed z\u00e1kladn\u00ed dovednosti a kompetence v obou oblastech.<br \/>\nNap\u0159\u00edklad v roce 2002 provedli Goleman, Boyatzis a McKee v\u00fdzkum, kter\u00fd dosp\u011bl k z\u00e1v\u011bru, \u017ee emo\u010dn\u00ed inteligence hraje kl\u00ed\u010dovou roli v efektivn\u00edm leadershipu a managementu, a zd\u016fraznil v\u00fdznam rozvoje t\u011bchto dovednost\u00ed.<\/li>\n<li>Podpora kultury spolupr\u00e1ce: Organizace mus\u00ed vytvo\u0159it kulturu, kter\u00e1 podporuje spolupr\u00e1ci mezi vedouc\u00edmi pracovn\u00edky a mana\u017eery i v r\u00e1mci cel\u00e9 organizace. Tato kultura spolupr\u00e1ce vytv\u00e1\u0159\u00ed spole\u010dn\u00fd smysl pro c\u00edl, podporuje kreativitu a inovace a je hnac\u00ed silou r\u016fstu.<br \/>\nEdmondson (2012) zd\u016fraz\u0148uje, jak se organizace mohou u\u010dit, inovovat a konkurovat t\u00edm, \u017ee podporuj\u00ed efektivn\u00ed t\u00fdmov\u00e9 postupy, a zd\u016fraz\u0148uje v\u00fdznam kultury spolupr\u00e1ce pro \u00fasp\u011bch. <\/li>\n<\/ol>\n<\/div><div class=\"fusion-text fusion-text-4\"><h2>Z\u00e1v\u011br<\/h2>\n<p>V dne\u0161n\u00edm podnikatelsk\u00e9m prost\u0159ed\u00ed jsou efektivn\u00ed veden\u00ed a \u0159\u00edzen\u00ed rozhoduj\u00edc\u00ed pro dosa\u017een\u00ed udr\u017eiteln\u00e9ho r\u016fstu. Sou\u010dinnost mezi veden\u00edm a \u0159\u00edzen\u00edm je nezbytn\u00e1 pro uvoln\u011bn\u00ed pln\u00e9ho potenci\u00e1lu organizace. Slad\u011bn\u00edm, integrac\u00ed, rozvojem dovednost\u00ed a podporou kultury spolupr\u00e1ce mohou organizace uvolnit synergii mezi veden\u00edm a \u0159\u00edzen\u00edm a dos\u00e1hnout r\u016fstu.  <\/p>\n<p>Spole\u010dnost Pacellico m\u016f\u017ee tento proces podpo\u0159it t\u00edm, \u017ee poskytne poradenstv\u00ed a odborn\u00e9 znalosti p\u0159i uvol\u0148ov\u00e1n\u00ed synergie mezi veden\u00edm a managementem, \u010d\u00edm\u017e pom\u016f\u017ee organizac\u00edm dos\u00e1hnout jejich c\u00edl\u016f a vybudovat kulturu \u00fasp\u011bchu.<\/p>\n<h2>Odkazy:<\/h2>\n<p>Huang, X., Iun, J., Liu, A., &amp; Gong, Y. (2010). Zvy\u0161uje participativn\u00ed veden\u00ed pracovn\u00ed v\u00fdkonnost t\u00edm, \u017ee vyvol\u00e1v\u00e1 zplnomocn\u011bn\u00ed nebo d\u016fv\u011bru? Rozd\u00edln\u00e9 \u00fa\u010dinky na \u0159\u00edd\u00edc\u00ed a nemana\u017eersk\u00e9 pod\u0159\u00edzen\u00e9. Journal of Organizational Behavior, 31(1), 122-143.   <\/p>\n<p>Goleman, D., Boyatzis, R., &amp; McKee, A. (2002). Primal Leadership: Vyd\u00e1n\u00ed: Leadership Leadership: Uv\u011bdom\u011bn\u00ed si s\u00edly emo\u010dn\u00ed inteligence. Boston, MA: Harvard Business Review Press.  <\/p>\n<p>Edmondson, A. C. (2012). Teaming: How Organizations Learn, Innovate, and Compete in the Knowledge Economy (Jak se organizace u\u010d\u00ed, inovuj\u00ed a konkuruj\u00ed ve znalostn\u00ed ekonomice). San Francisco, Kalifornie: Jossey-Bass.<\/p>\n<\/div><\/div><\/div><\/div><\/div><div class=\"fusion-fullwidth fullwidth-box fusion-builder-row-4 fusion-flex-container has-pattern-background has-mask-background nonhundred-percent-fullwidth non-hundred-percent-height-scrolling fusion-animated\" style=\"--awb-border-radius-top-left:0px;--awb-border-radius-top-right:0px;--awb-border-radius-bottom-right:0px;--awb-border-radius-bottom-left:0px;--awb-flex-wrap:wrap;\" data-animationType=\"fadeInUp\" data-animationDuration=\"2.0\" data-animationOffset=\"top-into-view\" ><div class=\"fusion-builder-row fusion-row fusion-flex-align-items-flex-start fusion-flex-content-wrap\" style=\"max-width:1352px;margin-left: calc(-4% \/ 2 );margin-right: calc(-4% \/ 2 );\"><div class=\"fusion-layout-column fusion_builder_column fusion-builder-column-4 fusion_builder_column_1_1 1_1 fusion-flex-column\" style=\"--awb-bg-size:cover;--awb-width-large:100%;--awb-margin-top-large:0px;--awb-spacing-right-large:1.92%;--awb-margin-bottom-large:20px;--awb-spacing-left-large:1.92%;--awb-width-medium:100%;--awb-order-medium:0;--awb-spacing-right-medium:1.92%;--awb-spacing-left-medium:1.92%;--awb-width-small:100%;--awb-order-small:0;--awb-spacing-right-small:1.92%;--awb-spacing-left-small:1.92%;\"><div class=\"fusion-column-wrapper fusion-column-has-shadow fusion-flex-justify-content-flex-start fusion-content-layout-column\"><div class=\"fusion-separator fusion-full-width-sep\" style=\"align-self: center;margin-left: auto;margin-right: auto;margin-top:8%;width:100%;\"><div class=\"fusion-separator-border sep-single sep-dashed\" style=\"--awb-height:20px;--awb-amount:20px;--awb-sep-color:#096e89;border-color:#096e89;border-top-width:2px;\"><\/div><\/div><\/div><\/div><div class=\"fusion-layout-column fusion_builder_column fusion-builder-column-5 fusion_builder_column_1_2 1_2 fusion-flex-column fusion-flex-align-self-center fusion-animated\" style=\"--awb-bg-size:cover;--awb-border-color:#00bcd4;--awb-border-style:solid;--awb-width-large:50%;--awb-margin-top-large:0px;--awb-spacing-right-large:3.84%;--awb-margin-bottom-large:20px;--awb-spacing-left-large:3.84%;--awb-width-medium:50%;--awb-order-medium:0;--awb-spacing-right-medium:3.84%;--awb-spacing-left-medium:3.84%;--awb-width-small:100%;--awb-order-small:0;--awb-spacing-right-small:1.92%;--awb-spacing-left-small:1.92%;\" data-animationType=\"fadeIn\" data-animationDuration=\"3.0\" data-animationOffset=\"top-into-view\" data-scroll-devices=\"small-visibility,medium-visibility,large-visibility\"><div class=\"fusion-column-wrapper fusion-column-has-shadow fusion-flex-justify-content-center fusion-content-layout-row fusion-flex-align-items-center\"><div class=\"fusion-image-element \" style=\"--awb-caption-title-font-family:var(--h2_typography-font-family);--awb-caption-title-font-weight:var(--h2_typography-font-weight);--awb-caption-title-font-style:var(--h2_typography-font-style);--awb-caption-title-size:var(--h2_typography-font-size);--awb-caption-title-transform:var(--h2_typography-text-transform);--awb-caption-title-line-height:var(--h2_typography-line-height);--awb-caption-title-letter-spacing:var(--h2_typography-letter-spacing);\"><span class=\" fusion-imageframe imageframe-none imageframe-3 hover-type-none\"><img decoding=\"async\" width=\"1000\" height=\"434\" title=\"CTA_initial_banner\" src=\"https:\/\/www.pacellico.com\/wp-content\/uploads\/2021\/12\/CTA_initial_banner.jpg\" data-orig-src=\"https:\/\/www.pacellico.com\/wp-content\/uploads\/2021\/12\/CTA_initial_banner.jpg\" alt class=\"lazyload img-responsive wp-image-1709\" srcset=\"data:image\/svg+xml,%3Csvg%20xmlns%3D%27http%3A%2F%2Fwww.w3.org%2F2000%2Fsvg%27%20width%3D%271000%27%20height%3D%27434%27%20viewBox%3D%270%200%201000%20434%27%3E%3Crect%20width%3D%271000%27%20height%3D%27434%27%20fill-opacity%3D%220%22%2F%3E%3C%2Fsvg%3E\" data-srcset=\"https:\/\/www.pacellico.com\/wp-content\/uploads\/2021\/12\/CTA_initial_banner-200x87.jpg 200w, https:\/\/www.pacellico.com\/wp-content\/uploads\/2021\/12\/CTA_initial_banner-400x174.jpg 400w, https:\/\/www.pacellico.com\/wp-content\/uploads\/2021\/12\/CTA_initial_banner-600x260.jpg 600w, https:\/\/www.pacellico.com\/wp-content\/uploads\/2021\/12\/CTA_initial_banner-800x347.jpg 800w, https:\/\/www.pacellico.com\/wp-content\/uploads\/2021\/12\/CTA_initial_banner.jpg 1000w\" data-sizes=\"auto\" data-orig-sizes=\"(max-width: 640px) 100vw, 800px\" \/><\/span><\/div><\/div><\/div><div class=\"fusion-layout-column fusion_builder_column fusion-builder-column-6 fusion_builder_column_1_2 1_2 fusion-flex-column fusion-flex-align-self-center\" style=\"--awb-bg-size:cover;--awb-border-color:#00bcd4;--awb-border-style:solid;--awb-width-large:50%;--awb-margin-top-large:0px;--awb-spacing-right-large:3.84%;--awb-margin-bottom-large:20px;--awb-spacing-left-large:3.84%;--awb-width-medium:50%;--awb-order-medium:0;--awb-spacing-right-medium:3.84%;--awb-spacing-left-medium:3.84%;--awb-width-small:100%;--awb-order-small:0;--awb-spacing-right-small:1.92%;--awb-spacing-left-small:1.92%;\" data-scroll-devices=\"small-visibility,medium-visibility,large-visibility\"><div class=\"fusion-column-wrapper fusion-column-has-shadow fusion-flex-justify-content-center fusion-content-layout-row fusion-flex-align-items-center\"><div class=\"fusion-text fusion-text-5\" style=\"--awb-text-transform:none;--awb-margin-top:0%;\"><h4 style=\"text-align: center;\"><span style=\"color: #000000;\"><strong>M\u00e1te z\u00e1jem o implementaci t\u011bchto poznatk\u016f ve va\u0161\u00ed organizaci?<\/strong><\/span><\/h4>\n<h4 style=\"text-align: center;\"><span style=\"color: #000000;\"><strong>Kontaktujte n\u00e1s a domluvte si bezplatnou online konzultaci a proberte s n\u00e1mi \u0159e\u0161en\u00ed na m\u00edru pro va\u0161i firmu.<\/strong><\/span><\/h4>\n<\/div><div style=\"text-align:center;\"><a class=\"fusion-button button-flat button-xlarge button-default fusion-button-default button-1 fusion-button-default-span fusion-button-default-type\" target=\"_self\" href=\"https:\/\/www.pacellico.com\/cs\/?page_id=1851\"><span class=\"fusion-button-text awb-button__text awb-button__text--default\">Konzultaci si m\u016f\u017eete domluvit zde.<\/span><\/a><\/div><\/div><\/div><div class=\"fusion-layout-column fusion_builder_column fusion-builder-column-7 fusion_builder_column_1_1 1_1 fusion-flex-column\" style=\"--awb-bg-size:cover;--awb-width-large:100%;--awb-margin-top-large:0px;--awb-spacing-right-large:1.92%;--awb-margin-bottom-large:20px;--awb-spacing-left-large:1.92%;--awb-width-medium:100%;--awb-order-medium:0;--awb-spacing-right-medium:1.92%;--awb-spacing-left-medium:1.92%;--awb-width-small:100%;--awb-order-small:0;--awb-spacing-right-small:1.92%;--awb-spacing-left-small:1.92%;\"><div class=\"fusion-column-wrapper fusion-column-has-shadow fusion-flex-justify-content-flex-start fusion-content-layout-column\"><div class=\"fusion-separator fusion-full-width-sep\" style=\"align-self: center;margin-left: auto;margin-right: auto;margin-bottom:6%;width:100%;\"><div class=\"fusion-separator-border sep-single sep-dashed\" style=\"--awb-height:20px;--awb-amount:20px;--awb-sep-color:#096e89;border-color:#096e89;border-top-width:2px;\"><\/div><\/div><\/div><\/div><\/div><\/div><div class=\"fusion-fullwidth fullwidth-box fusion-builder-row-5 fusion-flex-container nonhundred-percent-fullwidth non-hundred-percent-height-scrolling\" style=\"--awb-border-radius-top-left:0px;--awb-border-radius-top-right:0px;--awb-border-radius-bottom-right:0px;--awb-border-radius-bottom-left:0px;--awb-padding-top:80px;--awb-flex-wrap:wrap;\" ><div class=\"fusion-builder-row fusion-row fusion-flex-align-items-flex-start fusion-flex-content-wrap\" style=\"max-width:1352px;margin-left: calc(-4% \/ 2 );margin-right: calc(-4% \/ 2 );\"><div class=\"fusion-layout-column fusion_builder_column fusion-builder-column-8 fusion_builder_column_1_1 1_1 fusion-flex-column\" style=\"--awb-bg-size:cover;--awb-width-large:100%;--awb-margin-top-large:0px;--awb-spacing-right-large:1.92%;--awb-margin-bottom-large:20px;--awb-spacing-left-large:1.92%;--awb-width-medium:100%;--awb-order-medium:0;--awb-spacing-right-medium:1.92%;--awb-spacing-left-medium:1.92%;--awb-width-small:100%;--awb-order-small:0;--awb-spacing-right-small:1.92%;--awb-spacing-left-small:1.92%;\"><div class=\"fusion-column-wrapper fusion-column-has-shadow fusion-flex-justify-content-flex-start fusion-content-layout-column\"><div class=\"fusion-text fusion-text-6\" style=\"--awb-text-transform:none;\"><h2 style=\"text-align: center;\">Pacellico Blog<\/h2>\n<\/div><div class=\"fusion-recent-posts fusion-recent-posts-1 avada-container layout-default layout-columns-3 fusion-recent-posts-center\"><section class=\"fusion-columns columns fusion-columns-3 columns-3\"><article class=\"post fusion-column column col col-lg-4 col-md-4 col-sm-4\"><div class=\"fusion-flexslider fusion-flexslider-loading flexslider flexslider-hover-type-zoomin\"><ul class=\"slides\"><li><a href=\"https:\/\/www.pacellico.com\/cs\/maximalizace-efektivity-dodavatelskeho-retezce-3-ukoly-ktere-je-treba-zadat-externe-a-3-ukoly-ktere-je-treba-ponechat-v-podniku\/\" aria-label=\"Maximalizace efektivity dodavatelsk\u00e9ho \u0159et\u011bzce: 3 \u00fakoly, kter\u00e9 je t\u0159eba zadat extern\u011b, a 3 \u00fakoly, kter\u00e9 je t\u0159eba ponechat v podniku\" class=\"hover-type-zoomin\"><img decoding=\"async\" width=\"700\" height=\"441\" src=\"https:\/\/www.pacellico.com\/wp-content\/uploads\/2024\/10\/Image-700x441.jpg\" class=\"attachment-recent-posts size-recent-posts lazyload\" alt=\"\" srcset=\"data:image\/svg+xml,%3Csvg%20xmlns%3D%27http%3A%2F%2Fwww.w3.org%2F2000%2Fsvg%27%20width%3D%27787%27%20height%3D%27500%27%20viewBox%3D%270%200%20787%20500%27%3E%3Crect%20width%3D%27787%27%20height%3D%27500%27%20fill-opacity%3D%220%22%2F%3E%3C%2Fsvg%3E\" data-orig-src=\"https:\/\/www.pacellico.com\/wp-content\/uploads\/2024\/10\/Image-700x441.jpg\" data-srcset=\"https:\/\/www.pacellico.com\/wp-content\/uploads\/2024\/10\/Image-200x127.jpg 200w, https:\/\/www.pacellico.com\/wp-content\/uploads\/2024\/10\/Image-320x202.jpg 320w, https:\/\/www.pacellico.com\/wp-content\/uploads\/2024\/10\/Image-700x441.jpg 700w\" data-sizes=\"auto\" \/><\/a><\/li><\/ul><\/div><div class=\"recent-posts-content\"><span class=\"vcard\" style=\"display: none;\"><span class=\"fn\"><a href=\"https:\/\/www.pacellico.com\/cs\/author\/rizo\/\" title=\"P\u0159\u00edsp\u011bvky od rizo\" rel=\"author\">rizo<\/a><\/span><\/span><span class=\"updated\" style=\"display:none;\">2025-04-29T10:01:13+02:00<\/span><h4 class=\"entry-title\"><a href=\"https:\/\/www.pacellico.com\/cs\/maximalizace-efektivity-dodavatelskeho-retezce-3-ukoly-ktere-je-treba-zadat-externe-a-3-ukoly-ktere-je-treba-ponechat-v-podniku\/\">Maximalizace efektivity dodavatelsk\u00e9ho \u0159et\u011bzce: 3 \u00fakoly, kter\u00e9 je t\u0159eba zadat extern\u011b, a 3 \u00fakoly, kter\u00e9 je t\u0159eba ponechat v podniku<\/a><\/h4><p>     AUTOR Lee Eden  Lee m\u00e1 rozs\u00e1hl\u00e9 zku\u0161enosti v oblasti glob\u00e1ln\u00edho dodavatelsk\u00e9ho \u0159et\u011bzce, logistiky a [...]<\/p><\/div><\/article><article class=\"post fusion-column column col col-lg-4 col-md-4 col-sm-4\"><div class=\"fusion-flexslider fusion-flexslider-loading flexslider flexslider-hover-type-zoomin\"><ul class=\"slides\"><li><a href=\"https:\/\/www.pacellico.com\/cs\/prijeti-udrzitelnosti-plan-pro-vyrobni-spolecnosti\/\" aria-label=\"P\u0159ijet\u00ed udr\u017eitelnosti: Pl\u00e1n pro v\u00fdrobn\u00ed spole\u010dnosti\" class=\"hover-type-zoomin\"><img decoding=\"async\" width=\"700\" height=\"441\" src=\"https:\/\/www.pacellico.com\/wp-content\/uploads\/2024\/05\/Sustainability_Li-700x441.jpg\" class=\"attachment-recent-posts size-recent-posts lazyload\" alt=\"\" srcset=\"data:image\/svg+xml,%3Csvg%20xmlns%3D%27http%3A%2F%2Fwww.w3.org%2F2000%2Fsvg%27%20width%3D%271344%27%20height%3D%27898%27%20viewBox%3D%270%200%201344%20898%27%3E%3Crect%20width%3D%271344%27%20height%3D%27898%27%20fill-opacity%3D%220%22%2F%3E%3C%2Fsvg%3E\" data-orig-src=\"https:\/\/www.pacellico.com\/wp-content\/uploads\/2024\/05\/Sustainability_Li-700x441.jpg\" data-srcset=\"https:\/\/www.pacellico.com\/wp-content\/uploads\/2024\/05\/Sustainability_Li-320x202.jpg 320w, https:\/\/www.pacellico.com\/wp-content\/uploads\/2024\/05\/Sustainability_Li-700x441.jpg 700w\" data-sizes=\"auto\" \/><\/a><\/li><\/ul><\/div><div class=\"recent-posts-content\"><span class=\"vcard\" style=\"display: none;\"><span class=\"fn\"><a href=\"https:\/\/www.pacellico.com\/cs\/author\/rizo\/\" title=\"P\u0159\u00edsp\u011bvky od rizo\" rel=\"author\">rizo<\/a><\/span><\/span><span class=\"updated\" style=\"display:none;\">2025-04-29T10:02:59+02:00<\/span><h4 class=\"entry-title\"><a href=\"https:\/\/www.pacellico.com\/cs\/prijeti-udrzitelnosti-plan-pro-vyrobni-spolecnosti\/\">P\u0159ijet\u00ed udr\u017eitelnosti: Pl\u00e1n pro v\u00fdrobn\u00ed spole\u010dnosti<\/a><\/h4><p>    Udr\u017eitelnost se stala kl\u00ed\u010dov\u00fdm t\u00e9matem pro podniky po cel\u00e9m sv\u011bt\u011b a v\u00fdrobn\u00ed odv\u011btv\u00ed nen\u00ed v\u00fdjimkou. S [...]<\/p><\/div><\/article><article class=\"post fusion-column column col col-lg-4 col-md-4 col-sm-4\"><div class=\"fusion-flexslider fusion-flexslider-loading flexslider flexslider-hover-type-zoomin\"><ul class=\"slides\"><li><a href=\"https:\/\/www.pacellico.com\/cs\/navigace-v-nejistote-strategie-pro-budovani-odolnosti-vaseho-podnikani-strategie-pro-budovani-odolnosti-vaseho-podnikani\/\" aria-label=\"Navigace v nejistot\u011b: Strategie pro budov\u00e1n\u00ed odolnosti va\u0161eho podnik\u00e1n\u00ed.\" class=\"hover-type-zoomin\"><img decoding=\"async\" width=\"700\" height=\"441\" src=\"https:\/\/www.pacellico.com\/wp-content\/uploads\/2024\/02\/Resilience_LinkedIn-700x441.jpg\" class=\"attachment-recent-posts size-recent-posts lazyload\" alt=\"\" srcset=\"data:image\/svg+xml,%3Csvg%20xmlns%3D%27http%3A%2F%2Fwww.w3.org%2F2000%2Fsvg%27%20width%3D%271920%27%20height%3D%271234%27%20viewBox%3D%270%200%201920%201234%27%3E%3Crect%20width%3D%271920%27%20height%3D%271234%27%20fill-opacity%3D%220%22%2F%3E%3C%2Fsvg%3E\" data-orig-src=\"https:\/\/www.pacellico.com\/wp-content\/uploads\/2024\/02\/Resilience_LinkedIn-700x441.jpg\" data-srcset=\"https:\/\/www.pacellico.com\/wp-content\/uploads\/2024\/02\/Resilience_LinkedIn-320x202.jpg 320w, https:\/\/www.pacellico.com\/wp-content\/uploads\/2024\/02\/Resilience_LinkedIn-700x441.jpg 700w\" data-sizes=\"auto\" \/><\/a><\/li><\/ul><\/div><div class=\"recent-posts-content\"><span class=\"vcard\" style=\"display: none;\"><span class=\"fn\"><a href=\"https:\/\/www.pacellico.com\/cs\/author\/rizo\/\" title=\"P\u0159\u00edsp\u011bvky od rizo\" rel=\"author\">rizo<\/a><\/span><\/span><span class=\"updated\" style=\"display:none;\">2025-04-29T10:15:35+02:00<\/span><h4 class=\"entry-title\"><a href=\"https:\/\/www.pacellico.com\/cs\/navigace-v-nejistote-strategie-pro-budovani-odolnosti-vaseho-podnikani-strategie-pro-budovani-odolnosti-vaseho-podnikani\/\">Navigace v nejistot\u011b: Strategie pro budov\u00e1n\u00ed odolnosti va\u0161eho podnik\u00e1n\u00ed.<\/a><\/h4><p>     Bez ohledu na to, v jak\u00e9m oboru pracujeme, je nejistota nov\u00fdm norm\u00e1lem. Zat\u00edmco na vy\u0161\u0161\u00edch [...]<\/p><\/div><\/article><\/section><\/div><\/div><\/div><\/div><\/div><\/p>\n","protected":false},"excerpt":{"rendered":"","protected":false},"author":1,"featured_media":1812,"comment_status":"closed","ping_status":"closed","sticky":false,"template":"","format":"standard","meta":{"_acf_changed":false,"footnotes":""},"categories":[17],"tags":[],"class_list":["post-2289","post","type-post","status-publish","format-standard","has-post-thumbnail","hentry","category-obchodni"],"acf":[],"_links":{"self":[{"href":"https:\/\/www.pacellico.com\/cs\/wp-json\/wp\/v2\/posts\/2289","targetHints":{"allow":["GET"]}}],"collection":[{"href":"https:\/\/www.pacellico.com\/cs\/wp-json\/wp\/v2\/posts"}],"about":[{"href":"https:\/\/www.pacellico.com\/cs\/wp-json\/wp\/v2\/types\/post"}],"author":[{"embeddable":true,"href":"https:\/\/www.pacellico.com\/cs\/wp-json\/wp\/v2\/users\/1"}],"replies":[{"embeddable":true,"href":"https:\/\/www.pacellico.com\/cs\/wp-json\/wp\/v2\/comments?post=2289"}],"version-history":[{"count":6,"href":"https:\/\/www.pacellico.com\/cs\/wp-json\/wp\/v2\/posts\/2289\/revisions"}],"predecessor-version":[{"id":2455,"href":"https:\/\/www.pacellico.com\/cs\/wp-json\/wp\/v2\/posts\/2289\/revisions\/2455"}],"wp:featuredmedia":[{"embeddable":true,"href":"https:\/\/www.pacellico.com\/cs\/wp-json\/wp\/v2\/media\/1812"}],"wp:attachment":[{"href":"https:\/\/www.pacellico.com\/cs\/wp-json\/wp\/v2\/media?parent=2289"}],"wp:term":[{"taxonomy":"category","embeddable":true,"href":"https:\/\/www.pacellico.com\/cs\/wp-json\/wp\/v2\/categories?post=2289"},{"taxonomy":"post_tag","embeddable":true,"href":"https:\/\/www.pacellico.com\/cs\/wp-json\/wp\/v2\/tags?post=2289"}],"curies":[{"name":"wp","href":"https:\/\/api.w.org\/{rel}","templated":true}]}}